{"id":832,"date":"2024-06-06T23:32:52","date_gmt":"2024-06-06T21:32:52","guid":{"rendered":"https:\/\/opieka.plus\/?p=832"},"modified":"2024-06-06T23:36:58","modified_gmt":"2024-06-06T21:36:58","slug":"wielki-piknik-integracyjny-w-ddpol","status":"publish","type":"post","link":"https:\/\/opieka.plus\/en\/wielki-piknik-integracyjny-w-ddpol\/","title":{"rendered":"Wielki piknik integracyjny w DDPOL"},"content":{"rendered":"<p>Pod koniec Maja odby\u0142 si\u0119 u nas wielki piknik integracyjny na kt\u00f3rym nie zabrak\u0142o wielu zabaw i atrakcji dla ka\u017cdego. <\/p>\n\n\n\n<figure class=\"wp-block-gallery columns-3 is-cropped\"><ul class=\"blocks-gallery-grid\"><li class=\"blocks-gallery-item\"><figure><img loading=\"lazy\" width=\"1024\" height=\"768\" src=\"https:\/\/opieka.plus\/wp-content\/uploads\/2024\/06\/IMG-20240606-WA0000-1024x768.jpg\" alt=\"\" data-id=\"837\" data-full-url=\"https:\/\/opieka.plus\/wp-content\/uploads\/2024\/06\/IMG-20240606-WA0000.jpg\" data-link=\"https:\/\/opieka.plus\/wielki-piknik-integracyjny-w-ddpol\/img-20240606-wa0000\/\" class=\"wp-image-837\" srcset=\"https:\/\/opieka.plus\/wp-content\/uploads\/2024\/06\/IMG-20240606-WA0000-1024x768.jpg 1024w, https:\/\/opieka.plus\/wp-content\/uploads\/2024\/06\/IMG-20240606-WA0000-300x225.jpg 300w, https:\/\/opieka.plus\/wp-content\/uploads\/2024\/06\/IMG-20240606-WA0000-768x576.jpg 768w, https:\/\/opieka.plus\/wp-content\/uploads\/2024\/06\/IMG-20240606-WA0000-1536x1152.jpg 1536w, https:\/\/opieka.plus\/wp-content\/uploads\/2024\/06\/IMG-20240606-WA0000-16x12.jpg 16w, https:\/\/opieka.plus\/wp-content\/uploads\/2024\/06\/IMG-20240606-WA0000.jpg 2048w\" sizes=\"(max-width: 1024px) 100vw, 1024px\" \/><\/figure><\/li><li class=\"blocks-gallery-item\"><figure><img loading=\"lazy\" width=\"768\" height=\"1024\" src=\"https:\/\/opieka.plus\/wp-content\/uploads\/2024\/06\/IMG-20240524-WA0009-768x1024.jpg\" alt=\"\" data-id=\"838\" data-full-url=\"https:\/\/opieka.plus\/wp-content\/uploads\/2024\/06\/IMG-20240524-WA0009.jpg\" data-link=\"https:\/\/opieka.plus\/wielki-piknik-integracyjny-w-ddpol\/img-20240524-wa0009\/\" class=\"wp-image-838\" srcset=\"https:\/\/opieka.plus\/wp-content\/uploads\/2024\/06\/IMG-20240524-WA0009-768x1024.jpg 768w, https:\/\/opieka.plus\/wp-content\/uploads\/2024\/06\/IMG-20240524-WA0009-225x300.jpg 225w, https:\/\/opieka.plus\/wp-content\/uploads\/2024\/06\/IMG-20240524-WA0009-1152x1536.jpg 1152w, https:\/\/opieka.plus\/wp-content\/uploads\/2024\/06\/IMG-20240524-WA0009-9x12.jpg 9w, https:\/\/opieka.plus\/wp-content\/uploads\/2024\/06\/IMG-20240524-WA0009.jpg 1536w\" sizes=\"(max-width: 768px) 100vw, 768px\" \/><\/figure><\/li><li class=\"blocks-gallery-item\"><figure><img loading=\"lazy\" width=\"768\" height=\"1024\" src=\"https:\/\/opieka.plus\/wp-content\/uploads\/2024\/06\/IMG-20240606-WA0001-768x1024.jpg\" alt=\"\" data-id=\"839\" data-full-url=\"https:\/\/opieka.plus\/wp-content\/uploads\/2024\/06\/IMG-20240606-WA0001.jpg\" data-link=\"https:\/\/opieka.plus\/wielki-piknik-integracyjny-w-ddpol\/img-20240606-wa0001\/\" class=\"wp-image-839\" srcset=\"https:\/\/opieka.plus\/wp-content\/uploads\/2024\/06\/IMG-20240606-WA0001-768x1024.jpg 768w, https:\/\/opieka.plus\/wp-content\/uploads\/2024\/06\/IMG-20240606-WA0001-225x300.jpg 225w, https:\/\/opieka.plus\/wp-content\/uploads\/2024\/06\/IMG-20240606-WA0001-1152x1536.jpg 1152w, https:\/\/opieka.plus\/wp-content\/uploads\/2024\/06\/IMG-20240606-WA0001-9x12.jpg 9w, https:\/\/opieka.plus\/wp-content\/uploads\/2024\/06\/IMG-20240606-WA0001.jpg 1536w\" sizes=\"(max-width: 768px) 100vw, 768px\" \/><\/figure><\/li><\/ul><\/figure>","protected":false},"excerpt":{"rendered":"<p>Pod koniec Maja odby\u0142 si\u0119 u nas wielki piknik integracyjny na kt\u00f3rym nie zabrak\u0142o wielu zabaw i atrakcji dla ka\u017cdego.<\/p>","protected":false},"author":1,"featured_media":833,"comment_status":"open","ping_status":"open","sticky":false,"template":"","format":"standard","meta":{"ngg_post_thumbnail":0,"_kad_post_transparent":"","_kad_post_title":"","_kad_post_layout":"","_kad_post_sidebar_id":"","_kad_post_content_style":"","_kad_post_vertical_padding":"","_kad_post_feature":"","_kad_post_feature_position":"","_kad_post_header":false,"_kad_post_footer":false},"categories":[15],"tags":[],"_links":{"self":[{"href":"https:\/\/opieka.plus\/en\/wp-json\/wp\/v2\/posts\/832"}],"collection":[{"href":"https:\/\/opieka.plus\/en\/wp-json\/wp\/v2\/posts"}],"about":[{"href":"https:\/\/opieka.plus\/en\/wp-json\/wp\/v2\/types\/post"}],"author":[{"embeddable":true,"href":"https:\/\/opieka.plus\/en\/wp-json\/wp\/v2\/users\/1"}],"replies":[{"embeddable":true,"href":"https:\/\/opieka.plus\/en\/wp-json\/wp\/v2\/comments?post=832"}],"version-history":[{"count":2,"href":"https:\/\/opieka.plus\/en\/wp-json\/wp\/v2\/posts\/832\/revisions"}],"predecessor-version":[{"id":840,"href":"https:\/\/opieka.plus\/en\/wp-json\/wp\/v2\/posts\/832\/revisions\/840"}],"wp:featuredmedia":[{"embeddable":true,"href":"https:\/\/opieka.plus\/en\/wp-json\/wp\/v2\/media\/833"}],"wp:attachment":[{"href":"https:\/\/opieka.plus\/en\/wp-json\/wp\/v2\/media?parent=832"}],"wp:term":[{"taxonomy":"category","embeddable":true,"href":"https:\/\/opieka.plus\/en\/wp-json\/wp\/v2\/categories?post=832"},{"taxonomy":"post_tag","embeddable":true,"href":"https:\/\/opieka.plus\/en\/wp-json\/wp\/v2\/tags?post=832"}],"curies":[{"name":"wp","href":"https:\/\/api.w.org\/{rel}","templated":true}]}}