{"id":693,"date":"2023-08-14T15:09:44","date_gmt":"2023-08-14T13:09:44","guid":{"rendered":"https:\/\/opieka.plus\/?p=693"},"modified":"2023-08-14T15:09:45","modified_gmt":"2023-08-14T13:09:45","slug":"nabor-na-stypendyste","status":"publish","type":"post","link":"https:\/\/opieka.plus\/en\/nabor-na-stypendyste\/","title":{"rendered":"Nab\u00f3r na stypendyst\u0119"},"content":{"rendered":"<p>Rusza pierwszy nab\u00f3r na Stypendyst\u0119 Fundacji Opieka Plus. Program ma na celu wsparcie os\u00f3b niepe\u0142nosprawnych w zdobywaniu kwalifikacji zawodowych przy jednoczesnym zapewnieniu zakwaterowania w miejscu odbywania praktyk. Przeznaczony jest dla os\u00f3b pe\u0142noletnich, z orzeczeniem o grupie inwalidzkiej, planuj\u0105cych podj\u0119cie &nbsp;&nbsp;pracy administracyjnej.<\/p>\n\n\n\n<p>Wsparcie b\u0119dzie przyznane na okres 3 miesi\u0119cy. Stypendysta w ramach programu otrzyma zakwaterowanie wraz z wy\u017cywieniem we wskazanym przez Fundacj\u0119 o\u015brodku, gdzie przejdzie szkolenie i zdob\u0119dzie praktyk\u0119 w pracach administracyjno \u2013 biurowych.<\/p>\n\n\n\n<p>Celem programu jest wsparcie zakwalifikowanej osoby w d\u0142ugoterminowym rozwoju, tak, by nie dopu\u015bci\u0107 do wykluczenia z \u017cycia zawodowego i spo\u0142ecznego Stypendysty.<\/p>\n\n\n\n<p>Osoby zainteresowane prosimy o nades\u0142anie c.v. do dnia 18 sierpnia na adres: <a href=\"mailto:fundacja@opieka.plus\">fundacja@opieka.plus<\/a><\/p>","protected":false},"excerpt":{"rendered":"<p>Rusza pierwszy nab\u00f3r na Stypendyst\u0119 Fundacji Opieka Plus. Program ma na celu wsparcie os\u00f3b niepe\u0142nosprawnych w zdobywaniu kwalifikacji zawodowych przy jednoczesnym zapewnieniu zakwaterowania w miejscu odbywania praktyk. Przeznaczony jest dla os\u00f3b pe\u0142noletnich, z orzeczeniem o grupie inwalidzkiej, planuj\u0105cych podj\u0119cie &nbsp;&nbsp;pracy administracyjnej. Wsparcie b\u0119dzie przyznane na okres 3 miesi\u0119cy. Stypendysta w ramach programu otrzyma zakwaterowanie wraz&#8230;<\/p>","protected":false},"author":1,"featured_media":694,"comment_status":"open","ping_status":"open","sticky":false,"template":"","format":"standard","meta":{"ngg_post_thumbnail":0,"_kad_post_transparent":"","_kad_post_title":"","_kad_post_layout":"","_kad_post_sidebar_id":"","_kad_post_content_style":"","_kad_post_vertical_padding":"","_kad_post_feature":"","_kad_post_feature_position":"","_kad_post_header":false,"_kad_post_footer":false},"categories":[1],"tags":[],"_links":{"self":[{"href":"https:\/\/opieka.plus\/en\/wp-json\/wp\/v2\/posts\/693"}],"collection":[{"href":"https:\/\/opieka.plus\/en\/wp-json\/wp\/v2\/posts"}],"about":[{"href":"https:\/\/opieka.plus\/en\/wp-json\/wp\/v2\/types\/post"}],"author":[{"embeddable":true,"href":"https:\/\/opieka.plus\/en\/wp-json\/wp\/v2\/users\/1"}],"replies":[{"embeddable":true,"href":"https:\/\/opieka.plus\/en\/wp-json\/wp\/v2\/comments?post=693"}],"version-history":[{"count":1,"href":"https:\/\/opieka.plus\/en\/wp-json\/wp\/v2\/posts\/693\/revisions"}],"predecessor-version":[{"id":695,"href":"https:\/\/opieka.plus\/en\/wp-json\/wp\/v2\/posts\/693\/revisions\/695"}],"wp:featuredmedia":[{"embeddable":true,"href":"https:\/\/opieka.plus\/en\/wp-json\/wp\/v2\/media\/694"}],"wp:attachment":[{"href":"https:\/\/opieka.plus\/en\/wp-json\/wp\/v2\/media?parent=693"}],"wp:term":[{"taxonomy":"category","embeddable":true,"href":"https:\/\/opieka.plus\/en\/wp-json\/wp\/v2\/categories?post=693"},{"taxonomy":"post_tag","embeddable":true,"href":"https:\/\/opieka.plus\/en\/wp-json\/wp\/v2\/tags?post=693"}],"curies":[{"name":"wp","href":"https:\/\/api.w.org\/{rel}","templated":true}]}}