{"id":668,"date":"2023-02-08T15:22:02","date_gmt":"2023-02-08T14:22:02","guid":{"rendered":"http:\/\/opieka.plus\/?p=668"},"modified":"2023-08-14T15:07:00","modified_gmt":"2023-08-14T13:07:00","slug":"pomoc-seniorom-w-rozliczeniach-rocznych","status":"publish","type":"post","link":"https:\/\/opieka.plus\/en\/pomoc-seniorom-w-rozliczeniach-rocznych\/","title":{"rendered":"Pomoc seniorom w rozliczeniach rocznych"},"content":{"rendered":"<p><strong>1,5% podatku dla seniora<\/strong><\/p>\n\n\n\n<p>Marzec i kwiecie\u0144 to ju\u017c od wielu lat czas, w kt\u00f3rym wype\u0142niamy rozliczenia roczne z Urz\u0119dem Skarbowym, czyli PIT-y. Chocia\u017c z ka\u017cdym rokiem \u015bwiadomo\u015b\u0107 obywateli ro\u015bnie, wiele os\u00f3b wci\u0105\u017c nie wie o tym, \u017ce mo\u017ce przekaza\u0107 cz\u0119\u015b\u0107 swojego podatku wybranej przez siebie organizacji po\u017cytku publicznego, na przyk\u0142ad fundacji. To dzia\u0142anie nic nas nie kosztuje, jest bardzo \u0142atwe, a z pewno\u015bci\u0105 prze\u0142o\u017cy si\u0119 na realn\u0105 pomoc i dobry uczynek dla potrzebuj\u0105cych. W tym roku po raz pierwszy w rozliczeniu mo\u017cna przekaza\u0107 jeszcze wi\u0119cej bo a\u017c 1,5% swojego podatku.<\/p>\n\n\n\n<p>Podatek mo\u017cna przekaza\u0107 r\u00f3wnie\u017c Fundacji Opieka Plus, kt\u00f3rej g\u0142\u00f3wnym zadaniem jest przeciwdzia\u0142anie wykluczeniu spo\u0142ecznemu senior\u00f3w, os\u00f3b z niepe\u0142nosprawno\u015bciami czy os\u00f3b uzyskuj\u0105cych niskie dochody. Aby wspom\u00f3c t\u0119 fundacj\u0119 wystarczy wpisa\u0107 w odpowiedniej rubryce numer KRS: 0000640134.<\/p>\n\n\n\n<p>W Polsce z ka\u017cdym rokiem przybywa senior\u00f3w &#8211; wielu z nich to osoby samotne i niezbyt zamo\u017cne. Brak rodziny, znajomych oraz pogarszaj\u0105cy si\u0119 stan zdrowia dodatkowo wp\u0142ywaj\u0105 negatywnie na kondycj\u0119 senior\u00f3w. Tak wcale nie musi by\u0107. Jako fundacja Opieka Plus prowadzimy rozmaite programy aktywizacji senior\u00f3w &#8211; s\u0105 to mi\u0119dzy innymi warsztaty, imprezy kulturalne, projekty edukacyjne oraz autorskie programy. To w\u0142a\u015bnie dzi\u0119ki nim seniorzy zn\u00f3w czuj\u0105 si\u0119 potrzebni, rozwijaj\u0105 swoje pasje i zainteresowania, buduj\u0105 relacje z innymi, zyskuj\u0105 w ten spos\u00f3b drugie \u017cycie.<\/p>\n\n\n\n<p>W ramach dzia\u0142alno\u015bci fundacji Opieka Plus zapewniamy dofinansowanie do \u015bwiadcze\u0144 i rehabilitacji os\u00f3b starszych oraz z niepe\u0142nosprawno\u015bciami. Mog\u0105 to by\u0107 zar\u00f3wno konsultacje z fizjoterapeut\u0105, niezb\u0119dne badania czy zabiegi rehabilitacyjne. Mo\u017cliwe s\u0105 tak\u017ce turnusy rehabilitacyjne.<\/p>\n\n\n\n<p>Seniorzy, kt\u00f3rzy mieszkaj\u0105 sami i nie mog\u0105 liczy\u0107 na pomoc innych, cz\u0119sto maj\u0105 te\u017c trudno\u015bci w samodzielnym poruszaniu si\u0119. Niewielkie dochody nie pozwalaj\u0105 na op\u0142acenie wizyty u lekarza b\u0105d\u017a fizjoterapeuty oraz uczestnictwo w \u017cyciu spo\u0142ecznym. A przecie\u017c emerytura to wcale nie koniec \u017cycia. W fundacji Opieka Plus oferujemy &#8222;drugie \u017cycie&#8221; i mamy miejsce dla ka\u017cdego &#8211; szczeg\u00f3lnie za\u015b zapraszamy osoby, kt\u00f3re nie lubi\u0105 siedzie\u0107 w domu, chcia\u0142yby sp\u0119dza\u0107 czas aktywnie i ciekawie, nawet je\u015bli nie mog\u0105 sobie na to pozwoli\u0107 z powod\u00f3w finansowych.<\/p>\n\n\n\n<p>Pomaganie mo\u017ce by\u0107 \u0142atwe i przyjemne, nie musi nas te\u017c nic kosztowa\u0107. W tym celu wystarczy przekaza\u0107 1,5% swojego podatku fundacji, kt\u00f3ra skutecznie pomaga seniorom i osobom z niepe\u0142nosprawno\u015bciami. Wsp\u00f3lnie mo\u017cemy wi\u0119cej, razem mo\u017cemy budowa\u0107 lepszy \u015bwiat.&nbsp;<\/p>","protected":false},"excerpt":{"rendered":"<p>1,5% podatku dla seniora Marzec i kwiecie\u0144 to ju\u017c od wielu lat czas, w kt\u00f3rym wype\u0142niamy rozliczenia roczne z Urz\u0119dem Skarbowym, czyli PIT-y. Chocia\u017c z ka\u017cdym rokiem \u015bwiadomo\u015b\u0107 obywateli ro\u015bnie, wiele os\u00f3b wci\u0105\u017c nie wie o tym, \u017ce mo\u017ce przekaza\u0107 cz\u0119\u015b\u0107 swojego podatku wybranej przez siebie organizacji po\u017cytku publicznego, na przyk\u0142ad fundacji. To dzia\u0142anie nic&#8230;<\/p>","protected":false},"author":1,"featured_media":393,"comment_status":"closed","ping_status":"closed","sticky":false,"template":"","format":"standard","meta":{"ngg_post_thumbnail":0,"_kad_post_transparent":"","_kad_post_title":"","_kad_post_layout":"","_kad_post_sidebar_id":"","_kad_post_content_style":"","_kad_post_vertical_padding":"","_kad_post_feature":"","_kad_post_feature_position":"","_kad_post_header":false,"_kad_post_footer":false},"categories":[7],"tags":[],"_links":{"self":[{"href":"https:\/\/opieka.plus\/en\/wp-json\/wp\/v2\/posts\/668"}],"collection":[{"href":"https:\/\/opieka.plus\/en\/wp-json\/wp\/v2\/posts"}],"about":[{"href":"https:\/\/opieka.plus\/en\/wp-json\/wp\/v2\/types\/post"}],"author":[{"embeddable":true,"href":"https:\/\/opieka.plus\/en\/wp-json\/wp\/v2\/users\/1"}],"replies":[{"embeddable":true,"href":"https:\/\/opieka.plus\/en\/wp-json\/wp\/v2\/comments?post=668"}],"version-history":[{"count":2,"href":"https:\/\/opieka.plus\/en\/wp-json\/wp\/v2\/posts\/668\/revisions"}],"predecessor-version":[{"id":689,"href":"https:\/\/opieka.plus\/en\/wp-json\/wp\/v2\/posts\/668\/revisions\/689"}],"wp:featuredmedia":[{"embeddable":true,"href":"https:\/\/opieka.plus\/en\/wp-json\/wp\/v2\/media\/393"}],"wp:attachment":[{"href":"https:\/\/opieka.plus\/en\/wp-json\/wp\/v2\/media?parent=668"}],"wp:term":[{"taxonomy":"category","embeddable":true,"href":"https:\/\/opieka.plus\/en\/wp-json\/wp\/v2\/categories?post=668"},{"taxonomy":"post_tag","embeddable":true,"href":"https:\/\/opieka.plus\/en\/wp-json\/wp\/v2\/tags?post=668"}],"curies":[{"name":"wp","href":"https:\/\/api.w.org\/{rel}","templated":true}]}}